{"id":896,"date":"2019-12-15T21:51:56","date_gmt":"2019-12-15T21:51:56","guid":{"rendered":"https:\/\/almajalla-maghribia.ma\/?p=896"},"modified":"2019-12-15T21:51:56","modified_gmt":"2019-12-15T21:51:56","slug":"del-i-congreso-internacional-islamico-en-pakistan-al-coloquio-cientifico-internacional-en-marruecos","status":"publish","type":"post","link":"https:\/\/almajalla-maghribia.ma\/?p=896","title":{"rendered":"DEL I CONGRESO INTERNACIONAL ISL\u00c1MICO EN PAKIST\u00c1N AL COLOQUIO CIENT\u00cdFICO INTERNACIONAL EN MARRUECOS"},"content":{"rendered":"<p style=\"text-align: left;\">Chakib Chairi, miembro de la comisi\u00f3n cient\u00edfica de la <strong>Fundacion m\u00e1rtir Mhammad Benabud <\/strong>para la historia del norte de Marruecos y el movimiento nacionalista.<\/p>\n<p style=\"text-align: left;\"><img loading=\"lazy\" class=\"alignnone size-medium wp-image-897\" src=\"https:\/\/almajalla-maghribia.ma\/wp-content\/uploads\/2019\/12\/FB_IMG_1576326456420-2-300x225.jpg\" alt=\"\" width=\"300\" height=\"225\" srcset=\"https:\/\/almajalla-maghribia.ma\/wp-content\/uploads\/2019\/12\/FB_IMG_1576326456420-2-300x225.jpg 300w, https:\/\/almajalla-maghribia.ma\/wp-content\/uploads\/2019\/12\/FB_IMG_1576326456420-2-678x509.jpg 678w, https:\/\/almajalla-maghribia.ma\/wp-content\/uploads\/2019\/12\/FB_IMG_1576326456420-2-326x245.jpg 326w, https:\/\/almajalla-maghribia.ma\/wp-content\/uploads\/2019\/12\/FB_IMG_1576326456420-2-80x60.jpg 80w, https:\/\/almajalla-maghribia.ma\/wp-content\/uploads\/2019\/12\/FB_IMG_1576326456420-2.jpg 720w\" sizes=\"(max-width: 300px) 100vw, 300px\" \/><\/p>\n<p style=\"text-align: left;\">En un ambiente que compagina rigor cient\u00edfico, fraternidad y cordialidad, Tetu\u00e1n acoge estos d\u00edas -12 y 13 de diciembre de 2019- el coloquio internacional <strong>La lucha nacionalista magreb\u00ed y las instituciones nacionales e internacionales (1946-1949)<\/strong> con ocasi\u00f3n de la celebraci\u00f3n del transcurso de 70 a\u00f1os desde el <strong>Primer congreso internacional isl\u00e1mico econ\u00f3mico<\/strong> en Karachi el 10 de diciembre de 1949, uno de los acontecimientos m\u00e1s importantes en el marco de la lucha nacionalista de los pa\u00edses colonizados por alcanzar su independencia completa.<\/p>\n<p style=\"text-align: left;\">El coloquio ha sido organizado por la Fundaci\u00f3n M\u00e1rtir Mhammad Benabud para la historia del Norte de Marruecos y estudio del movimiento nacionalista no solo por la efem\u00e9ride sino tambi\u00e9n porque al regresar del congreso tuvo lugar el tr\u00e1gico accidente de avi\u00f3n a bordo del cual iban los nacionalistas del Magreb \u00c1rabe (T\u00fanez, Argelia y Marruecos) que participaron defendiendo en bloque la independencia de los tres pa\u00edses. El nacionalista marroqu\u00ed Mhammad Benabud, padre del historiador -lleva su mismo nombre por deseo expreso de su familia en homenaje a su \u00a0memoria- ha tenido un papel muy importante en el movimiento nacionalista, raz\u00f3n por la cual desde Tetu\u00e1n el general Varela prohibi\u00f3 junto al Abdeljalak Torres, el l\u00edder del Partido del Reforma Nacionalista en la zona de influencia espa\u00f1ola, que se les permitiera volver a su zona dej\u00e1ndoles exiliados en T\u00e1nger de donde uno no volver\u00eda. Queda viva la persona en forma de estudios y manifestaciones que nos acercan a aquella etapa de conflictos pol\u00edticos donde los pa\u00edses colonizados buscaban f\u00f3rmulas de independencia como el panarabismo cultural o pertenencia religiosa al islam en que se ubica el congreso econ\u00f3mico de 1949.<\/p>\n<p style=\"text-align: left;\">Para diversificar las perspectivas, la organizaci\u00f3n ha invitado a investigadores arabofonos, hispan\u00f3fonos, franc\u00f3fonos y angl\u00f3fonos donde destaca la palabra del embajador de Pakist\u00e1n junto a invitaci\u00f3n de participantes tunecinos, argelinos y espa\u00f1oles. En un momento en que el mundo atraviesa numerosas convulsiones econ\u00f3micas, pol\u00edticas y culturales, que afectan no solo la mundo isl\u00e1mico, se espera que el coloquio cient\u00edfico de Tetu\u00e1n suscite reflexiones y quiz\u00e1s lecciones del pasado.<\/p>\n<p style=\"text-align: left;\">\n","protected":false},"excerpt":{"rendered":"<div class=\"mh-excerpt\"><p>Chakib Chairi, miembro de la comisi\u00f3n cient\u00edfica de la Fundacion m\u00e1rtir Mhammad Benabud para la historia del norte de Marruecos y el movimiento nacionalista. En un ambiente que compagina rigor cient\u00edfico, fraternidad y cordialidad, Tetu\u00e1n<\/p>\n<div class=\"nh-excerpt-more clearfix\"> <a class=\"\" href=\"https:\/\/almajalla-maghribia.ma\/?p=896\" title=\"DEL I CONGRESO INTERNACIONAL ISL\u00c1MICO EN PAKIST\u00c1N AL COLOQUIO CIENT\u00cdFICO INTERNACIONAL EN MARRUECOS\">[&#8230;]<\/a><\/div>\n<\/div>","protected":false},"author":2,"featured_media":897,"comment_status":"open","ping_status":"open","sticky":false,"template":"","format":"standard","meta":[],"categories":[69],"tags":[190],"_links":{"self":[{"href":"https:\/\/almajalla-maghribia.ma\/index.php?rest_route=\/wp\/v2\/posts\/896"}],"collection":[{"href":"https:\/\/almajalla-maghribia.ma\/index.php?rest_route=\/wp\/v2\/posts"}],"about":[{"href":"https:\/\/almajalla-maghribia.ma\/index.php?rest_route=\/wp\/v2\/types\/post"}],"author":[{"embeddable":true,"href":"https:\/\/almajalla-maghribia.ma\/index.php?rest_route=\/wp\/v2\/users\/2"}],"replies":[{"embeddable":true,"href":"https:\/\/almajalla-maghribia.ma\/index.php?rest_route=%2Fwp%2Fv2%2Fcomments&post=896"}],"version-history":[{"count":1,"href":"https:\/\/almajalla-maghribia.ma\/index.php?rest_route=\/wp\/v2\/posts\/896\/revisions"}],"predecessor-version":[{"id":898,"href":"https:\/\/almajalla-maghribia.ma\/index.php?rest_route=\/wp\/v2\/posts\/896\/revisions\/898"}],"wp:featuredmedia":[{"embeddable":true,"href":"https:\/\/almajalla-maghribia.ma\/index.php?rest_route=\/wp\/v2\/media\/897"}],"wp:attachment":[{"href":"https:\/\/almajalla-maghribia.ma\/index.php?rest_route=%2Fwp%2Fv2%2Fmedia&parent=896"}],"wp:term":[{"taxonomy":"category","embeddable":true,"href":"https:\/\/almajalla-maghribia.ma\/index.php?rest_route=%2Fwp%2Fv2%2Fcategories&post=896"},{"taxonomy":"post_tag","embeddable":true,"href":"https:\/\/almajalla-maghribia.ma\/index.php?rest_route=%2Fwp%2Fv2%2Ftags&post=896"}],"curies":[{"name":"wp","href":"https:\/\/api.w.org\/{rel}","templated":true}]}}